{"id":11903,"date":"2026-09-01T14:57:39","date_gmt":"2026-09-01T17:57:39","guid":{"rendered":"https:\/\/camarasl.mg.gov.br\/site\/?p=11903"},"modified":"2026-09-01T14:57:39","modified_gmt":"2026-09-01T17:57:39","slug":"camara-aprova-criacao-da-politica-municipal-de-alfabetizacao","status":"publish","type":"post","link":"https:\/\/camarasl.mg.gov.br\/site\/camara-aprova-criacao-da-politica-municipal-de-alfabetizacao\/","title":{"rendered":"C\u00e2mara aprova cria\u00e7\u00e3o da Pol\u00edtica Municipal de Alfabetiza\u00e7\u00e3o"},"content":{"rendered":"<p style=\"text-align: justify;\">\u00a0 \u00a0 Os vereadores aprovaram, na sess\u00e3o ordin\u00e1ria desta segunda-feira (31\/08), a institui\u00e7\u00e3o da Pol\u00edtica de Alfabetiza\u00e7\u00e3o no \u00e2mbito da Rede P\u00fablica Municipal de Ensino de S\u00e3o Louren\u00e7o. Os objetivos s\u00e3o assegurar o aprendizado da leitura e da escrita na idade adequada, ou seja, at\u00e9 o final do 2\u2070 ano do Ensino Fundamental; promover a recomposi\u00e7\u00e3o das aprendizagens dos estudantes do 3\u2070 ao 5\u2070 ano; e garantir a melhoria cont\u00ednua dos indicadores educacionais.<\/p>\n<p style=\"text-align: justify;\">\u00a0 \u00a0 A iniciativa tamb\u00e9m visa \u00e0 redu\u00e7\u00e3o das desigualdades educacionais; ao fortalecimento da qualidade da alfabetiza\u00e7\u00e3o mediante a ado\u00e7\u00e3o de pr\u00e1ticas pedag\u00f3gicas baseadas em evid\u00eancias; \u00e0 promo\u00e7\u00e3o do monitoramento cont\u00ednuo e sistem\u00e1tico da aprendizagem; ao fortalecimento da forma\u00e7\u00e3o continuada dos profissionais; ao incentivo da participa\u00e7\u00e3o das fam\u00edlias no processo de alfabetiza\u00e7\u00e3o.<\/p>\n<p style=\"text-align: justify;\">\u00a0 \u00a0 O texto foi enviado pela Prefeitura. De acordo com o projeto, a Pol\u00edtica de Alfabetiza\u00e7\u00e3o ser\u00e1 desenvolvida em regime de colabora\u00e7\u00e3o com a Uni\u00e3o e o estado de Minas Gerais, conforme as legisla\u00e7\u00f5es espec\u00edficas. Em of\u00edcio enviado \u00e0 C\u00e2mara, o Executivo destacou a medida \u00e9 &#8220;indispens\u00e1vel para o fortalecimento da qualidade do ensino, a redu\u00e7\u00e3o das desigualdades educacionais e a melhoria cont\u00ednua dos indicadores pedag\u00f3gicos do nosso Munic\u00edpio, garantindo um futuro com mais oportunidades para nossas crian\u00e7as&#8221;.<\/p>\n<p style=\"text-align: justify;\">\u00a0 \u00a0 Segundo o projeto de lei 56\/2026, a Secretaria Municipal de Educa\u00e7\u00e3o \u00e9 a respons\u00e1vel pela coordena\u00e7\u00e3o geral, execu\u00e7\u00e3o e acompanhamento da nova pol\u00edtica. O texto tamb\u00e9m cria o Comit\u00ea Municipal de Governan\u00e7a da Alfabetiza\u00e7\u00e3o, de car\u00e1ter consultivo, propositivo e de acompanhamento social, composto por representantes de diferentes segmentos da comunidade escolar e da gest\u00e3o p\u00fablica.<\/p>\n<p style=\"text-align: justify;\">\u00a0 \u00a0 Ainda de acordo com o projeto, o Plano ser\u00e1 elaborado pela Secretaria de Educa\u00e7\u00e3o, com a participa\u00e7\u00e3o do Comit\u00ea Municipal de Governan\u00e7a da Alfabetiza\u00e7\u00e3o, sendo atualizado anualmente ou sempre que as avalia\u00e7\u00f5es de desempenho indicarem a necessidade de readequa\u00e7\u00e3o de metas e estrat\u00e9gias.<\/p>\n","protected":false},"excerpt":{"rendered":"<p>\u00a0 \u00a0 Os vereadores aprovaram, na sess\u00e3o ordin\u00e1ria desta segunda-feira (31\/08), a institui\u00e7\u00e3o da Pol\u00edtica de Alfabetiza\u00e7\u00e3o no \u00e2mbito da Rede P\u00fablica Municipal de Ensino de S\u00e3o Louren\u00e7o. Os objetivos [&hellip;]<\/p>\n","protected":false},"author":2,"featured_media":11904,"comment_status":"closed","ping_status":"open","sticky":false,"template":"","format":"standard","meta":{"footnotes":""},"categories":[19],"tags":[],"class_list":["post-11903","post","type-post","status-publish","format-standard","has-post-thumbnail","hentry","category-noticias"],"_links":{"self":[{"href":"https:\/\/camarasl.mg.gov.br\/site\/wp-json\/wp\/v2\/posts\/11903","targetHints":{"allow":["GET"]}}],"collection":[{"href":"https:\/\/camarasl.mg.gov.br\/site\/wp-json\/wp\/v2\/posts"}],"about":[{"href":"https:\/\/camarasl.mg.gov.br\/site\/wp-json\/wp\/v2\/types\/post"}],"author":[{"embeddable":true,"href":"https:\/\/camarasl.mg.gov.br\/site\/wp-json\/wp\/v2\/users\/2"}],"replies":[{"embeddable":true,"href":"https:\/\/camarasl.mg.gov.br\/site\/wp-json\/wp\/v2\/comments?post=11903"}],"version-history":[{"count":1,"href":"https:\/\/camarasl.mg.gov.br\/site\/wp-json\/wp\/v2\/posts\/11903\/revisions"}],"predecessor-version":[{"id":11905,"href":"https:\/\/camarasl.mg.gov.br\/site\/wp-json\/wp\/v2\/posts\/11903\/revisions\/11905"}],"wp:featuredmedia":[{"embeddable":true,"href":"https:\/\/camarasl.mg.gov.br\/site\/wp-json\/wp\/v2\/media\/11904"}],"wp:attachment":[{"href":"https:\/\/camarasl.mg.gov.br\/site\/wp-json\/wp\/v2\/media?parent=11903"}],"wp:term":[{"taxonomy":"category","embeddable":true,"href":"https:\/\/camarasl.mg.gov.br\/site\/wp-json\/wp\/v2\/categories?post=11903"},{"taxonomy":"post_tag","embeddable":true,"href":"https:\/\/camarasl.mg.gov.br\/site\/wp-json\/wp\/v2\/tags?post=11903"}],"curies":[{"name":"wp","href":"https:\/\/api.w.org\/{rel}","templated":true}]}}